{"id":37865,"date":"2023-08-17T16:48:09","date_gmt":"2023-08-17T15:48:09","guid":{"rendered":"https:\/\/fundaciouecornella.cat\/?p=37865"},"modified":"2023-09-03T15:31:17","modified_gmt":"2023-09-03T14:31:17","slug":"pretemporada-primer-equip-femeni-2023-2024","status":"publish","type":"post","link":"https:\/\/www.fundaciouecornella.cat\/ca\/pretemporada-primer-equip-femeni-2023-2024\/","title":{"rendered":"PRETEMPORADA PRIMER EQUIP FEMEN\u00cd 2023\/2024"},"content":{"rendered":"<p>Llistat de compromisos amistosos.<!--more--><\/p>\n<p>El Primer Equip femen\u00ed de la Fundaci\u00f3 UE Cornell\u00e0, novament sota la direcci\u00f3 de Jos\u00e9 Gonz\u00e1lez &#8220;Gonza&#8221;, ja ha comen\u00e7at els entrenaments per preparar la temporada 2023\/2024 a Tercera Federaci\u00f3. A continuaci\u00f3 detallem els compromisos amistosos que disputar\u00e0 l&#8217;equip abans de l&#8217;inici de la competici\u00f3:<\/p>\n<ul>\n<li>Diumenge 20 d&#8217;agost: CF Pallej\u00e0 pref. <strong><span style=\"color: #ff0000;\">0-3 <\/span>Femen\u00ed<\/strong>\u00a0(19:30h)<\/li>\n<li>Dissabte 26 d&#8217;agost: Cerdanyola FC pref. <span style=\"color: #ff0000;\"><strong>0-4<\/strong><\/span> <strong>Femen\u00ed <\/strong>(20:15h)<\/li>\n<li>Diumenge 27 d&#8217;agost: <strong>Femen\u00ed <span style=\"color: #ff0000;\">1-1<\/span><\/strong> RCD Espanyol 2\u00aa RFEF (20h)<\/li>\n<li>Dijous 31 d&#8217;agost: <strong>Femen\u00ed <span style=\"color: #ff0000;\">3-1<\/span> <\/strong>CE Matar\u00f3 (20:45h)<\/li>\n<li>Diumenge 3 de setembre: AEM Lleida 1\u00aa RFEF <span style=\"color: #ff0000;\"><strong>5-0<\/strong><\/span> <strong>Femen\u00ed<\/strong> (12h)<\/li>\n<\/ul>\n","protected":false},"excerpt":{"rendered":"<p>Llistat de compromisos amistosos.<\/p>\n","protected":false},"author":7,"featured_media":37863,"comment_status":"closed","ping_status":"closed","sticky":false,"template":"","format":"standard","meta":{"_acf_changed":false,"footnotes":""},"categories":[175],"tags":[],"class_list":["post-37865","post","type-post","status-publish","format-standard","has-post-thumbnail","hentry","category-uncategorized-ca"],"acf":[],"yoast_head":"<!-- This site is optimized with the Yoast SEO plugin v27.4 - https:\/\/yoast.com\/product\/yoast-seo-wordpress\/ -->\n<title>PRETEMPORADA PRIMER EQUIP FEMEN\u00cd 2023\/2024 - Fundaci\u00f3 Uni\u00f3 Esportiva Cornell\u00e0<\/title>\n<meta name=\"robots\" content=\"index, follow, max-snippet:-1, max-image-preview:large, max-video-preview:-1\" \/>\n<link rel=\"canonical\" href=\"https:\/\/www.fundaciouecornella.cat\/ca\/pretemporada-primer-equip-femeni-2023-2024\/\" \/>\n<meta property=\"og:locale\" content=\"ca_ES\" \/>\n<meta property=\"og:type\" content=\"article\" \/>\n<meta property=\"og:title\" content=\"PRETEMPORADA PRIMER EQUIP FEMEN\u00cd 2023\/2024 - Fundaci\u00f3 Uni\u00f3 Esportiva Cornell\u00e0\" \/>\n<meta property=\"og:description\" content=\"Llistat de compromisos amistosos.\" \/>\n<meta property=\"og:url\" content=\"https:\/\/www.fundaciouecornella.cat\/ca\/pretemporada-primer-equip-femeni-2023-2024\/\" \/>\n<meta property=\"og:site_name\" content=\"Fundaci\u00f3 Uni\u00f3 Esportiva Cornell\u00e0\" \/>\n<meta property=\"article:publisher\" content=\"https:\/\/www.facebook.com\/UECornella?fref=ts\" \/>\n<meta property=\"article:published_time\" content=\"2023-08-17T15:48:09+00:00\" \/>\n<meta property=\"article:modified_time\" content=\"2023-09-03T14:31:17+00:00\" \/>\n<meta property=\"og:image\" content=\"https:\/\/www.fundaciouecornella.cat\/wp-content\/uploads\/2023\/08\/WhatsApp-Image-2023-08-17-at-17.45.01.jpeg\" \/>\n\t<meta property=\"og:image:width\" content=\"900\" \/>\n\t<meta property=\"og:image:height\" content=\"600\" \/>\n\t<meta property=\"og:image:type\" content=\"image\/jpeg\" \/>\n<meta name=\"author\" content=\"alberto\" \/>\n<meta name=\"twitter:card\" content=\"summary_large_image\" \/>\n<meta name=\"twitter:creator\" content=\"@ue_cornella\" \/>\n<meta name=\"twitter:site\" content=\"@ue_cornella\" \/>\n<meta name=\"twitter:label1\" content=\"Escrit per\" \/>\n\t<meta name=\"twitter:data1\" content=\"alberto\" \/>\n\t<meta name=\"twitter:label2\" content=\"Temps estimat de lectura\" \/>\n\t<meta name=\"twitter:data2\" content=\"1 minut\" \/>\n<script type=\"application\/ld+json\" class=\"yoast-schema-graph\">{\"@context\":\"https:\\\/\\\/schema.org\",\"@graph\":[{\"@type\":\"Article\",\"@id\":\"https:\\\/\\\/www.fundaciouecornella.cat\\\/ca\\\/pretemporada-primer-equip-femeni-2023-2024\\\/#article\",\"isPartOf\":{\"@id\":\"https:\\\/\\\/www.fundaciouecornella.cat\\\/ca\\\/pretemporada-primer-equip-femeni-2023-2024\\\/\"},\"author\":{\"name\":\"alberto\",\"@id\":\"https:\\\/\\\/www.fundaciouecornella.cat\\\/ca\\\/#\\\/schema\\\/person\\\/55f35b6ba750968a42590d447037fb98\"},\"headline\":\"PRETEMPORADA PRIMER EQUIP FEMEN\u00cd 2023\\\/2024\",\"datePublished\":\"2023-08-17T15:48:09+00:00\",\"dateModified\":\"2023-09-03T14:31:17+00:00\",\"mainEntityOfPage\":{\"@id\":\"https:\\\/\\\/www.fundaciouecornella.cat\\\/ca\\\/pretemporada-primer-equip-femeni-2023-2024\\\/\"},\"wordCount\":100,\"publisher\":{\"@id\":\"https:\\\/\\\/www.fundaciouecornella.cat\\\/ca\\\/#organization\"},\"image\":{\"@id\":\"https:\\\/\\\/www.fundaciouecornella.cat\\\/ca\\\/pretemporada-primer-equip-femeni-2023-2024\\\/#primaryimage\"},\"thumbnailUrl\":\"https:\\\/\\\/www.fundaciouecornella.cat\\\/wp-content\\\/uploads\\\/2023\\\/08\\\/WhatsApp-Image-2023-08-17-at-17.45.01.jpeg\",\"articleSection\":[\"Uncategorized @ca\"],\"inLanguage\":\"ca\"},{\"@type\":\"WebPage\",\"@id\":\"https:\\\/\\\/www.fundaciouecornella.cat\\\/ca\\\/pretemporada-primer-equip-femeni-2023-2024\\\/\",\"url\":\"https:\\\/\\\/www.fundaciouecornella.cat\\\/ca\\\/pretemporada-primer-equip-femeni-2023-2024\\\/\",\"name\":\"PRETEMPORADA PRIMER EQUIP FEMEN\u00cd 2023\\\/2024 - Fundaci\u00f3 Uni\u00f3 Esportiva Cornell\u00e0\",\"isPartOf\":{\"@id\":\"https:\\\/\\\/www.fundaciouecornella.cat\\\/ca\\\/#website\"},\"primaryImageOfPage\":{\"@id\":\"https:\\\/\\\/www.fundaciouecornella.cat\\\/ca\\\/pretemporada-primer-equip-femeni-2023-2024\\\/#primaryimage\"},\"image\":{\"@id\":\"https:\\\/\\\/www.fundaciouecornella.cat\\\/ca\\\/pretemporada-primer-equip-femeni-2023-2024\\\/#primaryimage\"},\"thumbnailUrl\":\"https:\\\/\\\/www.fundaciouecornella.cat\\\/wp-content\\\/uploads\\\/2023\\\/08\\\/WhatsApp-Image-2023-08-17-at-17.45.01.jpeg\",\"datePublished\":\"2023-08-17T15:48:09+00:00\",\"dateModified\":\"2023-09-03T14:31:17+00:00\",\"breadcrumb\":{\"@id\":\"https:\\\/\\\/www.fundaciouecornella.cat\\\/ca\\\/pretemporada-primer-equip-femeni-2023-2024\\\/#breadcrumb\"},\"inLanguage\":\"ca\",\"potentialAction\":[{\"@type\":\"ReadAction\",\"target\":[\"https:\\\/\\\/www.fundaciouecornella.cat\\\/ca\\\/pretemporada-primer-equip-femeni-2023-2024\\\/\"]}]},{\"@type\":\"ImageObject\",\"inLanguage\":\"ca\",\"@id\":\"https:\\\/\\\/www.fundaciouecornella.cat\\\/ca\\\/pretemporada-primer-equip-femeni-2023-2024\\\/#primaryimage\",\"url\":\"https:\\\/\\\/www.fundaciouecornella.cat\\\/wp-content\\\/uploads\\\/2023\\\/08\\\/WhatsApp-Image-2023-08-17-at-17.45.01.jpeg\",\"contentUrl\":\"https:\\\/\\\/www.fundaciouecornella.cat\\\/wp-content\\\/uploads\\\/2023\\\/08\\\/WhatsApp-Image-2023-08-17-at-17.45.01.jpeg\",\"width\":900,\"height\":600},{\"@type\":\"BreadcrumbList\",\"@id\":\"https:\\\/\\\/www.fundaciouecornella.cat\\\/ca\\\/pretemporada-primer-equip-femeni-2023-2024\\\/#breadcrumb\",\"itemListElement\":[{\"@type\":\"ListItem\",\"position\":1,\"name\":\"Portada\",\"item\":\"https:\\\/\\\/www.fundaciouecornella.cat\\\/ca\\\/\"},{\"@type\":\"ListItem\",\"position\":2,\"name\":\"PRETEMPORADA PRIMER EQUIP FEMEN\u00cd 2023\\\/2024\"}]},{\"@type\":\"WebSite\",\"@id\":\"https:\\\/\\\/www.fundaciouecornella.cat\\\/ca\\\/#website\",\"url\":\"https:\\\/\\\/www.fundaciouecornella.cat\\\/ca\\\/\",\"name\":\"Uni\u00f3 Esportiva Cornell\u00e0\",\"description\":\"Escuela de f\u00fatbol y club de f\u00fatbol de Cornell\u00e0\",\"publisher\":{\"@id\":\"https:\\\/\\\/www.fundaciouecornella.cat\\\/ca\\\/#organization\"},\"potentialAction\":[{\"@type\":\"SearchAction\",\"target\":{\"@type\":\"EntryPoint\",\"urlTemplate\":\"https:\\\/\\\/www.fundaciouecornella.cat\\\/ca\\\/?s={search_term_string}\"},\"query-input\":{\"@type\":\"PropertyValueSpecification\",\"valueRequired\":true,\"valueName\":\"search_term_string\"}}],\"inLanguage\":\"ca\"},{\"@type\":\"Organization\",\"@id\":\"https:\\\/\\\/www.fundaciouecornella.cat\\\/ca\\\/#organization\",\"name\":\"Uni\u00f3 Esportiva Cornell\u00e0\",\"url\":\"https:\\\/\\\/www.fundaciouecornella.cat\\\/ca\\\/\",\"logo\":{\"@type\":\"ImageObject\",\"inLanguage\":\"ca\",\"@id\":\"https:\\\/\\\/www.fundaciouecornella.cat\\\/ca\\\/#\\\/schema\\\/logo\\\/image\\\/\",\"url\":\"http:\\\/\\\/fundaciouecornella.cat\\\/wp-content\\\/uploads\\\/2017\\\/07\\\/logo377.png\",\"contentUrl\":\"http:\\\/\\\/fundaciouecornella.cat\\\/wp-content\\\/uploads\\\/2017\\\/07\\\/logo377.png\",\"width\":377,\"height\":472,\"caption\":\"Uni\u00f3 Esportiva Cornell\u00e0\"},\"image\":{\"@id\":\"https:\\\/\\\/www.fundaciouecornella.cat\\\/ca\\\/#\\\/schema\\\/logo\\\/image\\\/\"},\"sameAs\":[\"https:\\\/\\\/www.facebook.com\\\/UECornella?fref=ts\",\"https:\\\/\\\/x.com\\\/ue_cornella\",\"http:\\\/\\\/instagram.com\\\/uecornella\",\"https:\\\/\\\/www.youtube.com\\\/channel\\\/UCcwgya5MdVvxRn_MeD6A0vg\"]},{\"@type\":\"Person\",\"@id\":\"https:\\\/\\\/www.fundaciouecornella.cat\\\/ca\\\/#\\\/schema\\\/person\\\/55f35b6ba750968a42590d447037fb98\",\"name\":\"alberto\",\"image\":{\"@type\":\"ImageObject\",\"inLanguage\":\"ca\",\"@id\":\"https:\\\/\\\/secure.gravatar.com\\\/avatar\\\/88cfb9cc05859e9f98fa45660f166e399532063623ab81b81f88226ac9333f8f?s=96&d=mm&r=g\",\"url\":\"https:\\\/\\\/secure.gravatar.com\\\/avatar\\\/88cfb9cc05859e9f98fa45660f166e399532063623ab81b81f88226ac9333f8f?s=96&d=mm&r=g\",\"contentUrl\":\"https:\\\/\\\/secure.gravatar.com\\\/avatar\\\/88cfb9cc05859e9f98fa45660f166e399532063623ab81b81f88226ac9333f8f?s=96&d=mm&r=g\",\"caption\":\"alberto\"}}]}<\/script>\n<!-- \/ Yoast SEO plugin. -->","yoast_head_json":{"title":"PRETEMPORADA PRIMER EQUIP FEMEN\u00cd 2023\/2024 - Fundaci\u00f3 Uni\u00f3 Esportiva Cornell\u00e0","robots":{"index":"index","follow":"follow","max-snippet":"max-snippet:-1","max-image-preview":"max-image-preview:large","max-video-preview":"max-video-preview:-1"},"canonical":"https:\/\/www.fundaciouecornella.cat\/ca\/pretemporada-primer-equip-femeni-2023-2024\/","og_locale":"ca_ES","og_type":"article","og_title":"PRETEMPORADA PRIMER EQUIP FEMEN\u00cd 2023\/2024 - Fundaci\u00f3 Uni\u00f3 Esportiva Cornell\u00e0","og_description":"Llistat de compromisos amistosos.","og_url":"https:\/\/www.fundaciouecornella.cat\/ca\/pretemporada-primer-equip-femeni-2023-2024\/","og_site_name":"Fundaci\u00f3 Uni\u00f3 Esportiva Cornell\u00e0","article_publisher":"https:\/\/www.facebook.com\/UECornella?fref=ts","article_published_time":"2023-08-17T15:48:09+00:00","article_modified_time":"2023-09-03T14:31:17+00:00","og_image":[{"width":900,"height":600,"url":"https:\/\/www.fundaciouecornella.cat\/wp-content\/uploads\/2023\/08\/WhatsApp-Image-2023-08-17-at-17.45.01.jpeg","type":"image\/jpeg"}],"author":"alberto","twitter_card":"summary_large_image","twitter_creator":"@ue_cornella","twitter_site":"@ue_cornella","twitter_misc":{"Escrit per":"alberto","Temps estimat de lectura":"1 minut"},"schema":{"@context":"https:\/\/schema.org","@graph":[{"@type":"Article","@id":"https:\/\/www.fundaciouecornella.cat\/ca\/pretemporada-primer-equip-femeni-2023-2024\/#article","isPartOf":{"@id":"https:\/\/www.fundaciouecornella.cat\/ca\/pretemporada-primer-equip-femeni-2023-2024\/"},"author":{"name":"alberto","@id":"https:\/\/www.fundaciouecornella.cat\/ca\/#\/schema\/person\/55f35b6ba750968a42590d447037fb98"},"headline":"PRETEMPORADA PRIMER EQUIP FEMEN\u00cd 2023\/2024","datePublished":"2023-08-17T15:48:09+00:00","dateModified":"2023-09-03T14:31:17+00:00","mainEntityOfPage":{"@id":"https:\/\/www.fundaciouecornella.cat\/ca\/pretemporada-primer-equip-femeni-2023-2024\/"},"wordCount":100,"publisher":{"@id":"https:\/\/www.fundaciouecornella.cat\/ca\/#organization"},"image":{"@id":"https:\/\/www.fundaciouecornella.cat\/ca\/pretemporada-primer-equip-femeni-2023-2024\/#primaryimage"},"thumbnailUrl":"https:\/\/www.fundaciouecornella.cat\/wp-content\/uploads\/2023\/08\/WhatsApp-Image-2023-08-17-at-17.45.01.jpeg","articleSection":["Uncategorized @ca"],"inLanguage":"ca"},{"@type":"WebPage","@id":"https:\/\/www.fundaciouecornella.cat\/ca\/pretemporada-primer-equip-femeni-2023-2024\/","url":"https:\/\/www.fundaciouecornella.cat\/ca\/pretemporada-primer-equip-femeni-2023-2024\/","name":"PRETEMPORADA PRIMER EQUIP FEMEN\u00cd 2023\/2024 - Fundaci\u00f3 Uni\u00f3 Esportiva Cornell\u00e0","isPartOf":{"@id":"https:\/\/www.fundaciouecornella.cat\/ca\/#website"},"primaryImageOfPage":{"@id":"https:\/\/www.fundaciouecornella.cat\/ca\/pretemporada-primer-equip-femeni-2023-2024\/#primaryimage"},"image":{"@id":"https:\/\/www.fundaciouecornella.cat\/ca\/pretemporada-primer-equip-femeni-2023-2024\/#primaryimage"},"thumbnailUrl":"https:\/\/www.fundaciouecornella.cat\/wp-content\/uploads\/2023\/08\/WhatsApp-Image-2023-08-17-at-17.45.01.jpeg","datePublished":"2023-08-17T15:48:09+00:00","dateModified":"2023-09-03T14:31:17+00:00","breadcrumb":{"@id":"https:\/\/www.fundaciouecornella.cat\/ca\/pretemporada-primer-equip-femeni-2023-2024\/#breadcrumb"},"inLanguage":"ca","potentialAction":[{"@type":"ReadAction","target":["https:\/\/www.fundaciouecornella.cat\/ca\/pretemporada-primer-equip-femeni-2023-2024\/"]}]},{"@type":"ImageObject","inLanguage":"ca","@id":"https:\/\/www.fundaciouecornella.cat\/ca\/pretemporada-primer-equip-femeni-2023-2024\/#primaryimage","url":"https:\/\/www.fundaciouecornella.cat\/wp-content\/uploads\/2023\/08\/WhatsApp-Image-2023-08-17-at-17.45.01.jpeg","contentUrl":"https:\/\/www.fundaciouecornella.cat\/wp-content\/uploads\/2023\/08\/WhatsApp-Image-2023-08-17-at-17.45.01.jpeg","width":900,"height":600},{"@type":"BreadcrumbList","@id":"https:\/\/www.fundaciouecornella.cat\/ca\/pretemporada-primer-equip-femeni-2023-2024\/#breadcrumb","itemListElement":[{"@type":"ListItem","position":1,"name":"Portada","item":"https:\/\/www.fundaciouecornella.cat\/ca\/"},{"@type":"ListItem","position":2,"name":"PRETEMPORADA PRIMER EQUIP FEMEN\u00cd 2023\/2024"}]},{"@type":"WebSite","@id":"https:\/\/www.fundaciouecornella.cat\/ca\/#website","url":"https:\/\/www.fundaciouecornella.cat\/ca\/","name":"Uni\u00f3 Esportiva Cornell\u00e0","description":"Escuela de f\u00fatbol y club de f\u00fatbol de Cornell\u00e0","publisher":{"@id":"https:\/\/www.fundaciouecornella.cat\/ca\/#organization"},"potentialAction":[{"@type":"SearchAction","target":{"@type":"EntryPoint","urlTemplate":"https:\/\/www.fundaciouecornella.cat\/ca\/?s={search_term_string}"},"query-input":{"@type":"PropertyValueSpecification","valueRequired":true,"valueName":"search_term_string"}}],"inLanguage":"ca"},{"@type":"Organization","@id":"https:\/\/www.fundaciouecornella.cat\/ca\/#organization","name":"Uni\u00f3 Esportiva Cornell\u00e0","url":"https:\/\/www.fundaciouecornella.cat\/ca\/","logo":{"@type":"ImageObject","inLanguage":"ca","@id":"https:\/\/www.fundaciouecornella.cat\/ca\/#\/schema\/logo\/image\/","url":"http:\/\/fundaciouecornella.cat\/wp-content\/uploads\/2017\/07\/logo377.png","contentUrl":"http:\/\/fundaciouecornella.cat\/wp-content\/uploads\/2017\/07\/logo377.png","width":377,"height":472,"caption":"Uni\u00f3 Esportiva Cornell\u00e0"},"image":{"@id":"https:\/\/www.fundaciouecornella.cat\/ca\/#\/schema\/logo\/image\/"},"sameAs":["https:\/\/www.facebook.com\/UECornella?fref=ts","https:\/\/x.com\/ue_cornella","http:\/\/instagram.com\/uecornella","https:\/\/www.youtube.com\/channel\/UCcwgya5MdVvxRn_MeD6A0vg"]},{"@type":"Person","@id":"https:\/\/www.fundaciouecornella.cat\/ca\/#\/schema\/person\/55f35b6ba750968a42590d447037fb98","name":"alberto","image":{"@type":"ImageObject","inLanguage":"ca","@id":"https:\/\/secure.gravatar.com\/avatar\/88cfb9cc05859e9f98fa45660f166e399532063623ab81b81f88226ac9333f8f?s=96&d=mm&r=g","url":"https:\/\/secure.gravatar.com\/avatar\/88cfb9cc05859e9f98fa45660f166e399532063623ab81b81f88226ac9333f8f?s=96&d=mm&r=g","contentUrl":"https:\/\/secure.gravatar.com\/avatar\/88cfb9cc05859e9f98fa45660f166e399532063623ab81b81f88226ac9333f8f?s=96&d=mm&r=g","caption":"alberto"}}]}},"_links":{"self":[{"href":"https:\/\/www.fundaciouecornella.cat\/ca\/wp-json\/wp\/v2\/posts\/37865","targetHints":{"allow":["GET"]}}],"collection":[{"href":"https:\/\/www.fundaciouecornella.cat\/ca\/wp-json\/wp\/v2\/posts"}],"about":[{"href":"https:\/\/www.fundaciouecornella.cat\/ca\/wp-json\/wp\/v2\/types\/post"}],"author":[{"embeddable":true,"href":"https:\/\/www.fundaciouecornella.cat\/ca\/wp-json\/wp\/v2\/users\/7"}],"replies":[{"embeddable":true,"href":"https:\/\/www.fundaciouecornella.cat\/ca\/wp-json\/wp\/v2\/comments?post=37865"}],"version-history":[{"count":7,"href":"https:\/\/www.fundaciouecornella.cat\/ca\/wp-json\/wp\/v2\/posts\/37865\/revisions"}],"predecessor-version":[{"id":38022,"href":"https:\/\/www.fundaciouecornella.cat\/ca\/wp-json\/wp\/v2\/posts\/37865\/revisions\/38022"}],"wp:featuredmedia":[{"embeddable":true,"href":"https:\/\/www.fundaciouecornella.cat\/ca\/wp-json\/wp\/v2\/media\/37863"}],"wp:attachment":[{"href":"https:\/\/www.fundaciouecornella.cat\/ca\/wp-json\/wp\/v2\/media?parent=37865"}],"wp:term":[{"taxonomy":"category","embeddable":true,"href":"https:\/\/www.fundaciouecornella.cat\/ca\/wp-json\/wp\/v2\/categories?post=37865"},{"taxonomy":"post_tag","embeddable":true,"href":"https:\/\/www.fundaciouecornella.cat\/ca\/wp-json\/wp\/v2\/tags?post=37865"}],"curies":[{"name":"wp","href":"https:\/\/api.w.org\/{rel}","templated":true}]}}