{"id":37622,"date":"2023-07-10T19:34:46","date_gmt":"2023-07-10T18:34:46","guid":{"rendered":"https:\/\/fundaciouecornella.cat\/?p=37622"},"modified":"2023-07-11T16:32:58","modified_gmt":"2023-07-11T15:32:58","slug":"fundacio-ue-cornella-exit-de-pedrera","status":"publish","type":"post","link":"https:\/\/www.fundaciouecornella.cat\/ca\/fundacio-ue-cornella-exit-de-pedrera\/","title":{"rendered":"FUNDACI\u00d3 UE CORNELL\u00c0, \u00c8XIT DE PEDRERA"},"content":{"rendered":"<p>7 jugadors i 5 jugadores fan el salt a pedreres professionals.<!--more--><\/p>\n<p>La temporada 2022-2023 ha finalitzat i l&#8217;\u00e8xit del futbol base de la Fundaci\u00f3 Uni\u00f3 Esportiva Cornell\u00e0, tant mascul\u00ed com femen\u00ed, \u00e9s una realitat. 7 jugadors de categoria prebenjam\u00ed, benjam\u00ed i alev\u00ed i 5 jugadores de categoria benjam\u00ed, alev\u00ed i infantil tindran nou dest\u00ed la pr\u00f2xima campanya 2023-2024:<\/p>\n<ul>\n<li>MASCUL\u00cd:<\/li>\n<\/ul>\n<table>\n<tbody>\n<tr>\n<td width=\"192\"><strong>CATEGORIA FUNDACI\u00d3\u00a0<\/strong><\/td>\n<td width=\"192\"><strong>JUGADOR<\/strong><\/td>\n<td width=\"192\"><strong>DEST\u00cd<\/strong><\/td>\n<\/tr>\n<tr>\n<td width=\"192\">\n<p style=\"text-align: center;\">PREBENJAM\u00cd<\/p>\n<\/td>\n<td style=\"text-align: center;\" width=\"192\">LEO JIM\u00c9NEZ<\/td>\n<td width=\"192\">\n<p style=\"text-align: center;\">FC BARCELONA<\/p>\n<\/td>\n<\/tr>\n<tr>\n<td width=\"192\">\n<p style=\"text-align: center;\">PREBENJAM\u00cd<\/p>\n<\/td>\n<td style=\"text-align: center;\" width=\"192\">AR\u00c1N PUIG<\/td>\n<td width=\"192\">\n<p style=\"text-align: center;\">FC BARCELONA<\/p>\n<\/td>\n<\/tr>\n<tr>\n<td width=\"192\">\n<p style=\"text-align: center;\">PREBENJAM\u00cd<\/p>\n<\/td>\n<td style=\"text-align: center;\" width=\"192\">\u00c1LVARO P\u00c9REZ<\/td>\n<td width=\"192\">\n<p style=\"text-align: center;\">RCD ESPANYOL<\/p>\n<\/td>\n<\/tr>\n<tr>\n<td width=\"192\">\n<p style=\"text-align: center;\">BENJAM\u00cd<\/p>\n<\/td>\n<td style=\"text-align: center;\" width=\"192\">OUSSOUBY DANFAKHO<\/td>\n<td width=\"192\">\n<p style=\"text-align: center;\">FC BARCELONA<\/p>\n<\/td>\n<\/tr>\n<tr>\n<td width=\"192\">\n<p style=\"text-align: center;\">BENJAM\u00cd<\/p>\n<\/td>\n<td style=\"text-align: center;\" width=\"192\">ISSA NIAKITE<\/td>\n<td width=\"192\">\n<p style=\"text-align: center;\">FC BARCELONA<\/p>\n<\/td>\n<\/tr>\n<tr>\n<td width=\"192\">\n<p style=\"text-align: center;\">BENJAM\u00cd<\/p>\n<\/td>\n<td style=\"text-align: center;\" width=\"192\">AYOUB TALBI<\/td>\n<td width=\"192\">\n<p style=\"text-align: center;\">RCD ESPANYOL<\/p>\n<\/td>\n<\/tr>\n<tr>\n<td style=\"text-align: center;\" width=\"192\">ALEV\u00cd<\/td>\n<td style=\"text-align: center;\" width=\"192\">YAGO COMAN<\/td>\n<td width=\"192\">\n<p style=\"text-align: center;\">RCD ESPANYOL<\/p>\n<\/td>\n<\/tr>\n<\/tbody>\n<\/table>\n<ul>\n<li>FEMEN\u00cd:<\/li>\n<\/ul>\n<table>\n<tbody>\n<tr>\n<td width=\"192\">\n<p style=\"text-align: center;\"><strong>CATEGORIA FUNDACI\u00d3<\/strong><\/p>\n<\/td>\n<td style=\"text-align: center;\" width=\"192\"><strong>JUGADORA<\/strong><\/td>\n<td width=\"192\">\n<p style=\"text-align: center;\"><strong>DEST\u00cd<\/strong><\/p>\n<\/td>\n<\/tr>\n<tr>\n<td width=\"192\">\n<p style=\"text-align: center;\">BENJAM\u00cd<\/p>\n<\/td>\n<td style=\"text-align: center;\" width=\"192\">PAULA MERAL<\/td>\n<td width=\"192\">\n<p style=\"text-align: center;\">FC BARCELONA<\/p>\n<\/td>\n<\/tr>\n<tr>\n<td width=\"192\">\n<p style=\"text-align: center;\">ALEV\u00cd<\/p>\n<\/td>\n<td style=\"text-align: center;\" width=\"192\">NAIA RODR\u00cdGUEZ<\/td>\n<td width=\"192\">\n<p style=\"text-align: center;\">RCD ESPANYOL<\/p>\n<\/td>\n<\/tr>\n<tr>\n<td width=\"192\">\n<p style=\"text-align: center;\">ALEV\u00cd<\/p>\n<\/td>\n<td style=\"text-align: center;\" width=\"192\">NEREA L\u00d3PEZ<\/td>\n<td width=\"192\">\n<p style=\"text-align: center;\">FC BARCELONA<\/p>\n<\/td>\n<\/tr>\n<tr>\n<td width=\"192\">\n<p style=\"text-align: center;\">ALEV\u00cd<\/p>\n<\/td>\n<td style=\"text-align: center;\" width=\"192\">NOA CASTILLO<\/td>\n<td width=\"192\">\n<p style=\"text-align: center;\">FC BARCELONA<\/p>\n<\/td>\n<\/tr>\n<tr>\n<td width=\"192\">\n<p style=\"text-align: center;\">INFANTIL<\/p>\n<\/td>\n<td style=\"text-align: center;\" width=\"192\">HELENA GONZ\u00c1LEZ<\/td>\n<td style=\"text-align: center;\" width=\"192\">RCD ESPANYOL<\/td>\n<\/tr>\n<\/tbody>\n<\/table>\n","protected":false},"excerpt":{"rendered":"<p>7 jugadors i 5 jugadores fan el salt a pedreres  [&#8230;]<\/p>\n","protected":false},"author":7,"featured_media":37620,"comment_status":"closed","ping_status":"closed","sticky":false,"template":"","format":"standard","meta":{"_acf_changed":false,"footnotes":""},"categories":[175],"tags":[],"class_list":["post-37622","post","type-post","status-publish","format-standard","has-post-thumbnail","hentry","category-uncategorized-ca"],"acf":[],"yoast_head":"<!-- This site is optimized with the Yoast SEO plugin v27.4 - https:\/\/yoast.com\/product\/yoast-seo-wordpress\/ -->\n<title>FUNDACI\u00d3 UE CORNELL\u00c0, \u00c8XIT DE PEDRERA - Fundaci\u00f3 Uni\u00f3 Esportiva Cornell\u00e0<\/title>\n<meta name=\"robots\" content=\"index, follow, max-snippet:-1, max-image-preview:large, max-video-preview:-1\" \/>\n<link rel=\"canonical\" href=\"https:\/\/www.fundaciouecornella.cat\/ca\/fundacio-ue-cornella-exit-de-pedrera\/\" \/>\n<meta property=\"og:locale\" content=\"ca_ES\" \/>\n<meta property=\"og:type\" content=\"article\" \/>\n<meta property=\"og:title\" content=\"FUNDACI\u00d3 UE CORNELL\u00c0, \u00c8XIT DE PEDRERA - Fundaci\u00f3 Uni\u00f3 Esportiva Cornell\u00e0\" \/>\n<meta property=\"og:description\" content=\"7 jugadors i 5 jugadores fan el salt a pedreres [...]\" \/>\n<meta property=\"og:url\" content=\"https:\/\/www.fundaciouecornella.cat\/ca\/fundacio-ue-cornella-exit-de-pedrera\/\" \/>\n<meta property=\"og:site_name\" content=\"Fundaci\u00f3 Uni\u00f3 Esportiva Cornell\u00e0\" \/>\n<meta property=\"article:publisher\" content=\"https:\/\/www.facebook.com\/UECornella?fref=ts\" \/>\n<meta property=\"article:published_time\" content=\"2023-07-10T18:34:46+00:00\" \/>\n<meta property=\"article:modified_time\" content=\"2023-07-11T15:32:58+00:00\" \/>\n<meta property=\"og:image\" content=\"https:\/\/www.fundaciouecornella.cat\/wp-content\/uploads\/2023\/07\/BENJAMIN-C-CASTELLDEFELS-150423-2.jpg\" \/>\n\t<meta property=\"og:image:width\" content=\"900\" \/>\n\t<meta property=\"og:image:height\" content=\"674\" \/>\n\t<meta property=\"og:image:type\" content=\"image\/jpeg\" \/>\n<meta name=\"author\" content=\"alberto\" \/>\n<meta name=\"twitter:card\" content=\"summary_large_image\" \/>\n<meta name=\"twitter:creator\" content=\"@ue_cornella\" \/>\n<meta name=\"twitter:site\" content=\"@ue_cornella\" \/>\n<meta name=\"twitter:label1\" content=\"Escrit per\" \/>\n\t<meta name=\"twitter:data1\" content=\"alberto\" \/>\n\t<meta name=\"twitter:label2\" content=\"Temps estimat de lectura\" \/>\n\t<meta name=\"twitter:data2\" content=\"1 minut\" \/>\n<script type=\"application\/ld+json\" class=\"yoast-schema-graph\">{\"@context\":\"https:\\\/\\\/schema.org\",\"@graph\":[{\"@type\":\"Article\",\"@id\":\"https:\\\/\\\/www.fundaciouecornella.cat\\\/ca\\\/fundacio-ue-cornella-exit-de-pedrera\\\/#article\",\"isPartOf\":{\"@id\":\"https:\\\/\\\/www.fundaciouecornella.cat\\\/ca\\\/fundacio-ue-cornella-exit-de-pedrera\\\/\"},\"author\":{\"name\":\"alberto\",\"@id\":\"https:\\\/\\\/www.fundaciouecornella.cat\\\/ca\\\/#\\\/schema\\\/person\\\/55f35b6ba750968a42590d447037fb98\"},\"headline\":\"FUNDACI\u00d3 UE CORNELL\u00c0, \u00c8XIT DE PEDRERA\",\"datePublished\":\"2023-07-10T18:34:46+00:00\",\"dateModified\":\"2023-07-11T15:32:58+00:00\",\"mainEntityOfPage\":{\"@id\":\"https:\\\/\\\/www.fundaciouecornella.cat\\\/ca\\\/fundacio-ue-cornella-exit-de-pedrera\\\/\"},\"wordCount\":138,\"publisher\":{\"@id\":\"https:\\\/\\\/www.fundaciouecornella.cat\\\/ca\\\/#organization\"},\"image\":{\"@id\":\"https:\\\/\\\/www.fundaciouecornella.cat\\\/ca\\\/fundacio-ue-cornella-exit-de-pedrera\\\/#primaryimage\"},\"thumbnailUrl\":\"https:\\\/\\\/www.fundaciouecornella.cat\\\/wp-content\\\/uploads\\\/2023\\\/07\\\/BENJAMIN-C-CASTELLDEFELS-150423-2.jpg\",\"articleSection\":[\"Uncategorized @ca\"],\"inLanguage\":\"ca\"},{\"@type\":\"WebPage\",\"@id\":\"https:\\\/\\\/www.fundaciouecornella.cat\\\/ca\\\/fundacio-ue-cornella-exit-de-pedrera\\\/\",\"url\":\"https:\\\/\\\/www.fundaciouecornella.cat\\\/ca\\\/fundacio-ue-cornella-exit-de-pedrera\\\/\",\"name\":\"FUNDACI\u00d3 UE CORNELL\u00c0, \u00c8XIT DE PEDRERA - Fundaci\u00f3 Uni\u00f3 Esportiva Cornell\u00e0\",\"isPartOf\":{\"@id\":\"https:\\\/\\\/www.fundaciouecornella.cat\\\/ca\\\/#website\"},\"primaryImageOfPage\":{\"@id\":\"https:\\\/\\\/www.fundaciouecornella.cat\\\/ca\\\/fundacio-ue-cornella-exit-de-pedrera\\\/#primaryimage\"},\"image\":{\"@id\":\"https:\\\/\\\/www.fundaciouecornella.cat\\\/ca\\\/fundacio-ue-cornella-exit-de-pedrera\\\/#primaryimage\"},\"thumbnailUrl\":\"https:\\\/\\\/www.fundaciouecornella.cat\\\/wp-content\\\/uploads\\\/2023\\\/07\\\/BENJAMIN-C-CASTELLDEFELS-150423-2.jpg\",\"datePublished\":\"2023-07-10T18:34:46+00:00\",\"dateModified\":\"2023-07-11T15:32:58+00:00\",\"breadcrumb\":{\"@id\":\"https:\\\/\\\/www.fundaciouecornella.cat\\\/ca\\\/fundacio-ue-cornella-exit-de-pedrera\\\/#breadcrumb\"},\"inLanguage\":\"ca\",\"potentialAction\":[{\"@type\":\"ReadAction\",\"target\":[\"https:\\\/\\\/www.fundaciouecornella.cat\\\/ca\\\/fundacio-ue-cornella-exit-de-pedrera\\\/\"]}]},{\"@type\":\"ImageObject\",\"inLanguage\":\"ca\",\"@id\":\"https:\\\/\\\/www.fundaciouecornella.cat\\\/ca\\\/fundacio-ue-cornella-exit-de-pedrera\\\/#primaryimage\",\"url\":\"https:\\\/\\\/www.fundaciouecornella.cat\\\/wp-content\\\/uploads\\\/2023\\\/07\\\/BENJAMIN-C-CASTELLDEFELS-150423-2.jpg\",\"contentUrl\":\"https:\\\/\\\/www.fundaciouecornella.cat\\\/wp-content\\\/uploads\\\/2023\\\/07\\\/BENJAMIN-C-CASTELLDEFELS-150423-2.jpg\",\"width\":900,\"height\":674},{\"@type\":\"BreadcrumbList\",\"@id\":\"https:\\\/\\\/www.fundaciouecornella.cat\\\/ca\\\/fundacio-ue-cornella-exit-de-pedrera\\\/#breadcrumb\",\"itemListElement\":[{\"@type\":\"ListItem\",\"position\":1,\"name\":\"Portada\",\"item\":\"https:\\\/\\\/www.fundaciouecornella.cat\\\/ca\\\/\"},{\"@type\":\"ListItem\",\"position\":2,\"name\":\"FUNDACI\u00d3 UE CORNELL\u00c0, \u00c8XIT DE PEDRERA\"}]},{\"@type\":\"WebSite\",\"@id\":\"https:\\\/\\\/www.fundaciouecornella.cat\\\/ca\\\/#website\",\"url\":\"https:\\\/\\\/www.fundaciouecornella.cat\\\/ca\\\/\",\"name\":\"Uni\u00f3 Esportiva Cornell\u00e0\",\"description\":\"Escuela de f\u00fatbol y club de f\u00fatbol de Cornell\u00e0\",\"publisher\":{\"@id\":\"https:\\\/\\\/www.fundaciouecornella.cat\\\/ca\\\/#organization\"},\"potentialAction\":[{\"@type\":\"SearchAction\",\"target\":{\"@type\":\"EntryPoint\",\"urlTemplate\":\"https:\\\/\\\/www.fundaciouecornella.cat\\\/ca\\\/?s={search_term_string}\"},\"query-input\":{\"@type\":\"PropertyValueSpecification\",\"valueRequired\":true,\"valueName\":\"search_term_string\"}}],\"inLanguage\":\"ca\"},{\"@type\":\"Organization\",\"@id\":\"https:\\\/\\\/www.fundaciouecornella.cat\\\/ca\\\/#organization\",\"name\":\"Uni\u00f3 Esportiva Cornell\u00e0\",\"url\":\"https:\\\/\\\/www.fundaciouecornella.cat\\\/ca\\\/\",\"logo\":{\"@type\":\"ImageObject\",\"inLanguage\":\"ca\",\"@id\":\"https:\\\/\\\/www.fundaciouecornella.cat\\\/ca\\\/#\\\/schema\\\/logo\\\/image\\\/\",\"url\":\"http:\\\/\\\/fundaciouecornella.cat\\\/wp-content\\\/uploads\\\/2017\\\/07\\\/logo377.png\",\"contentUrl\":\"http:\\\/\\\/fundaciouecornella.cat\\\/wp-content\\\/uploads\\\/2017\\\/07\\\/logo377.png\",\"width\":377,\"height\":472,\"caption\":\"Uni\u00f3 Esportiva Cornell\u00e0\"},\"image\":{\"@id\":\"https:\\\/\\\/www.fundaciouecornella.cat\\\/ca\\\/#\\\/schema\\\/logo\\\/image\\\/\"},\"sameAs\":[\"https:\\\/\\\/www.facebook.com\\\/UECornella?fref=ts\",\"https:\\\/\\\/x.com\\\/ue_cornella\",\"http:\\\/\\\/instagram.com\\\/uecornella\",\"https:\\\/\\\/www.youtube.com\\\/channel\\\/UCcwgya5MdVvxRn_MeD6A0vg\"]},{\"@type\":\"Person\",\"@id\":\"https:\\\/\\\/www.fundaciouecornella.cat\\\/ca\\\/#\\\/schema\\\/person\\\/55f35b6ba750968a42590d447037fb98\",\"name\":\"alberto\",\"image\":{\"@type\":\"ImageObject\",\"inLanguage\":\"ca\",\"@id\":\"https:\\\/\\\/secure.gravatar.com\\\/avatar\\\/88cfb9cc05859e9f98fa45660f166e399532063623ab81b81f88226ac9333f8f?s=96&d=mm&r=g\",\"url\":\"https:\\\/\\\/secure.gravatar.com\\\/avatar\\\/88cfb9cc05859e9f98fa45660f166e399532063623ab81b81f88226ac9333f8f?s=96&d=mm&r=g\",\"contentUrl\":\"https:\\\/\\\/secure.gravatar.com\\\/avatar\\\/88cfb9cc05859e9f98fa45660f166e399532063623ab81b81f88226ac9333f8f?s=96&d=mm&r=g\",\"caption\":\"alberto\"}}]}<\/script>\n<!-- \/ Yoast SEO plugin. -->","yoast_head_json":{"title":"FUNDACI\u00d3 UE CORNELL\u00c0, \u00c8XIT DE PEDRERA - Fundaci\u00f3 Uni\u00f3 Esportiva Cornell\u00e0","robots":{"index":"index","follow":"follow","max-snippet":"max-snippet:-1","max-image-preview":"max-image-preview:large","max-video-preview":"max-video-preview:-1"},"canonical":"https:\/\/www.fundaciouecornella.cat\/ca\/fundacio-ue-cornella-exit-de-pedrera\/","og_locale":"ca_ES","og_type":"article","og_title":"FUNDACI\u00d3 UE CORNELL\u00c0, \u00c8XIT DE PEDRERA - Fundaci\u00f3 Uni\u00f3 Esportiva Cornell\u00e0","og_description":"7 jugadors i 5 jugadores fan el salt a pedreres [...]","og_url":"https:\/\/www.fundaciouecornella.cat\/ca\/fundacio-ue-cornella-exit-de-pedrera\/","og_site_name":"Fundaci\u00f3 Uni\u00f3 Esportiva Cornell\u00e0","article_publisher":"https:\/\/www.facebook.com\/UECornella?fref=ts","article_published_time":"2023-07-10T18:34:46+00:00","article_modified_time":"2023-07-11T15:32:58+00:00","og_image":[{"width":900,"height":674,"url":"https:\/\/www.fundaciouecornella.cat\/wp-content\/uploads\/2023\/07\/BENJAMIN-C-CASTELLDEFELS-150423-2.jpg","type":"image\/jpeg"}],"author":"alberto","twitter_card":"summary_large_image","twitter_creator":"@ue_cornella","twitter_site":"@ue_cornella","twitter_misc":{"Escrit per":"alberto","Temps estimat de lectura":"1 minut"},"schema":{"@context":"https:\/\/schema.org","@graph":[{"@type":"Article","@id":"https:\/\/www.fundaciouecornella.cat\/ca\/fundacio-ue-cornella-exit-de-pedrera\/#article","isPartOf":{"@id":"https:\/\/www.fundaciouecornella.cat\/ca\/fundacio-ue-cornella-exit-de-pedrera\/"},"author":{"name":"alberto","@id":"https:\/\/www.fundaciouecornella.cat\/ca\/#\/schema\/person\/55f35b6ba750968a42590d447037fb98"},"headline":"FUNDACI\u00d3 UE CORNELL\u00c0, \u00c8XIT DE PEDRERA","datePublished":"2023-07-10T18:34:46+00:00","dateModified":"2023-07-11T15:32:58+00:00","mainEntityOfPage":{"@id":"https:\/\/www.fundaciouecornella.cat\/ca\/fundacio-ue-cornella-exit-de-pedrera\/"},"wordCount":138,"publisher":{"@id":"https:\/\/www.fundaciouecornella.cat\/ca\/#organization"},"image":{"@id":"https:\/\/www.fundaciouecornella.cat\/ca\/fundacio-ue-cornella-exit-de-pedrera\/#primaryimage"},"thumbnailUrl":"https:\/\/www.fundaciouecornella.cat\/wp-content\/uploads\/2023\/07\/BENJAMIN-C-CASTELLDEFELS-150423-2.jpg","articleSection":["Uncategorized @ca"],"inLanguage":"ca"},{"@type":"WebPage","@id":"https:\/\/www.fundaciouecornella.cat\/ca\/fundacio-ue-cornella-exit-de-pedrera\/","url":"https:\/\/www.fundaciouecornella.cat\/ca\/fundacio-ue-cornella-exit-de-pedrera\/","name":"FUNDACI\u00d3 UE CORNELL\u00c0, \u00c8XIT DE PEDRERA - Fundaci\u00f3 Uni\u00f3 Esportiva Cornell\u00e0","isPartOf":{"@id":"https:\/\/www.fundaciouecornella.cat\/ca\/#website"},"primaryImageOfPage":{"@id":"https:\/\/www.fundaciouecornella.cat\/ca\/fundacio-ue-cornella-exit-de-pedrera\/#primaryimage"},"image":{"@id":"https:\/\/www.fundaciouecornella.cat\/ca\/fundacio-ue-cornella-exit-de-pedrera\/#primaryimage"},"thumbnailUrl":"https:\/\/www.fundaciouecornella.cat\/wp-content\/uploads\/2023\/07\/BENJAMIN-C-CASTELLDEFELS-150423-2.jpg","datePublished":"2023-07-10T18:34:46+00:00","dateModified":"2023-07-11T15:32:58+00:00","breadcrumb":{"@id":"https:\/\/www.fundaciouecornella.cat\/ca\/fundacio-ue-cornella-exit-de-pedrera\/#breadcrumb"},"inLanguage":"ca","potentialAction":[{"@type":"ReadAction","target":["https:\/\/www.fundaciouecornella.cat\/ca\/fundacio-ue-cornella-exit-de-pedrera\/"]}]},{"@type":"ImageObject","inLanguage":"ca","@id":"https:\/\/www.fundaciouecornella.cat\/ca\/fundacio-ue-cornella-exit-de-pedrera\/#primaryimage","url":"https:\/\/www.fundaciouecornella.cat\/wp-content\/uploads\/2023\/07\/BENJAMIN-C-CASTELLDEFELS-150423-2.jpg","contentUrl":"https:\/\/www.fundaciouecornella.cat\/wp-content\/uploads\/2023\/07\/BENJAMIN-C-CASTELLDEFELS-150423-2.jpg","width":900,"height":674},{"@type":"BreadcrumbList","@id":"https:\/\/www.fundaciouecornella.cat\/ca\/fundacio-ue-cornella-exit-de-pedrera\/#breadcrumb","itemListElement":[{"@type":"ListItem","position":1,"name":"Portada","item":"https:\/\/www.fundaciouecornella.cat\/ca\/"},{"@type":"ListItem","position":2,"name":"FUNDACI\u00d3 UE CORNELL\u00c0, \u00c8XIT DE PEDRERA"}]},{"@type":"WebSite","@id":"https:\/\/www.fundaciouecornella.cat\/ca\/#website","url":"https:\/\/www.fundaciouecornella.cat\/ca\/","name":"Uni\u00f3 Esportiva Cornell\u00e0","description":"Escuela de f\u00fatbol y club de f\u00fatbol de Cornell\u00e0","publisher":{"@id":"https:\/\/www.fundaciouecornella.cat\/ca\/#organization"},"potentialAction":[{"@type":"SearchAction","target":{"@type":"EntryPoint","urlTemplate":"https:\/\/www.fundaciouecornella.cat\/ca\/?s={search_term_string}"},"query-input":{"@type":"PropertyValueSpecification","valueRequired":true,"valueName":"search_term_string"}}],"inLanguage":"ca"},{"@type":"Organization","@id":"https:\/\/www.fundaciouecornella.cat\/ca\/#organization","name":"Uni\u00f3 Esportiva Cornell\u00e0","url":"https:\/\/www.fundaciouecornella.cat\/ca\/","logo":{"@type":"ImageObject","inLanguage":"ca","@id":"https:\/\/www.fundaciouecornella.cat\/ca\/#\/schema\/logo\/image\/","url":"http:\/\/fundaciouecornella.cat\/wp-content\/uploads\/2017\/07\/logo377.png","contentUrl":"http:\/\/fundaciouecornella.cat\/wp-content\/uploads\/2017\/07\/logo377.png","width":377,"height":472,"caption":"Uni\u00f3 Esportiva Cornell\u00e0"},"image":{"@id":"https:\/\/www.fundaciouecornella.cat\/ca\/#\/schema\/logo\/image\/"},"sameAs":["https:\/\/www.facebook.com\/UECornella?fref=ts","https:\/\/x.com\/ue_cornella","http:\/\/instagram.com\/uecornella","https:\/\/www.youtube.com\/channel\/UCcwgya5MdVvxRn_MeD6A0vg"]},{"@type":"Person","@id":"https:\/\/www.fundaciouecornella.cat\/ca\/#\/schema\/person\/55f35b6ba750968a42590d447037fb98","name":"alberto","image":{"@type":"ImageObject","inLanguage":"ca","@id":"https:\/\/secure.gravatar.com\/avatar\/88cfb9cc05859e9f98fa45660f166e399532063623ab81b81f88226ac9333f8f?s=96&d=mm&r=g","url":"https:\/\/secure.gravatar.com\/avatar\/88cfb9cc05859e9f98fa45660f166e399532063623ab81b81f88226ac9333f8f?s=96&d=mm&r=g","contentUrl":"https:\/\/secure.gravatar.com\/avatar\/88cfb9cc05859e9f98fa45660f166e399532063623ab81b81f88226ac9333f8f?s=96&d=mm&r=g","caption":"alberto"}}]}},"_links":{"self":[{"href":"https:\/\/www.fundaciouecornella.cat\/ca\/wp-json\/wp\/v2\/posts\/37622","targetHints":{"allow":["GET"]}}],"collection":[{"href":"https:\/\/www.fundaciouecornella.cat\/ca\/wp-json\/wp\/v2\/posts"}],"about":[{"href":"https:\/\/www.fundaciouecornella.cat\/ca\/wp-json\/wp\/v2\/types\/post"}],"author":[{"embeddable":true,"href":"https:\/\/www.fundaciouecornella.cat\/ca\/wp-json\/wp\/v2\/users\/7"}],"replies":[{"embeddable":true,"href":"https:\/\/www.fundaciouecornella.cat\/ca\/wp-json\/wp\/v2\/comments?post=37622"}],"version-history":[{"count":2,"href":"https:\/\/www.fundaciouecornella.cat\/ca\/wp-json\/wp\/v2\/posts\/37622\/revisions"}],"predecessor-version":[{"id":37629,"href":"https:\/\/www.fundaciouecornella.cat\/ca\/wp-json\/wp\/v2\/posts\/37622\/revisions\/37629"}],"wp:featuredmedia":[{"embeddable":true,"href":"https:\/\/www.fundaciouecornella.cat\/ca\/wp-json\/wp\/v2\/media\/37620"}],"wp:attachment":[{"href":"https:\/\/www.fundaciouecornella.cat\/ca\/wp-json\/wp\/v2\/media?parent=37622"}],"wp:term":[{"taxonomy":"category","embeddable":true,"href":"https:\/\/www.fundaciouecornella.cat\/ca\/wp-json\/wp\/v2\/categories?post=37622"},{"taxonomy":"post_tag","embeddable":true,"href":"https:\/\/www.fundaciouecornella.cat\/ca\/wp-json\/wp\/v2\/tags?post=37622"}],"curies":[{"name":"wp","href":"https:\/\/api.w.org\/{rel}","templated":true}]}}